{"id":37245,"date":"2021-10-13T11:33:57","date_gmt":"2021-10-13T09:33:57","guid":{"rendered":"https:\/\/www.qsei.it\/?p=37245"},"modified":"2021-10-13T11:33:57","modified_gmt":"2021-10-13T09:33:57","slug":"decreto-2-set-2021-criteri-per-la-gestione-dei-luoghi-di-lavoro","status":"publish","type":"post","link":"https:\/\/qsei.it\/?p=37245","title":{"rendered":"DECRETO 2 SET 2021 CRITERI PER LA GESTIONE DEI LUOGHI DI LAVORO"},"content":{"rendered":"<p>Ad inizio OTT 2021 \u00e8 stato pubblicato il Decreto del Ministero dell\u2019interno che regola quanto al titolo della presente circolare che entra in vigore dal 4 OTT 2022.<\/p>\n<p>In particolare si definiscono i criteri per la gestione in esercizio ed in emergenza della Sicurezza antincendio.<\/p>\n<p><strong>PIANO DI EMERGENZA<\/strong>.<\/p>\n<p>Da redigere per:<\/p>\n<p>&#8211;\u00a0\u00a0\u00a0\u00a0\u00a0\u00a0\u00a0 i luoghi di lavoro ove sono occupati almeno dieci lavoratori<\/p>\n<p>&#8211;\u00a0\u00a0\u00a0\u00a0\u00a0\u00a0\u00a0 i luoghi di lavoro aperti al pubblico caratterizzati dalla presenza contemporanea di pi\u00f9 di cinquanta persone<\/p>\n<p>&#8211;\u00a0\u00a0\u00a0\u00a0\u00a0\u00a0\u00a0 i luoghi lavoro soggetti al controllo dei VV.F. (Certificato di Prevenzione Incendio CPI, Segnalazione Certificata di Inizio Attivit\u00e0 SCIA)<\/p>\n<p>Sono indicati i criteri di composizione del Piano di Emergenza.<\/p>\n<p><strong>INFORMAZIONE E FORMAZIONE DEI LAVORATORI<\/strong><\/p>\n<p>Sono indicati i criteri di erogazione ed i contenuti da trattare.<\/p>\n<p><strong>Designazione degli addetti al servizio antincendio<\/strong><\/p>\n<p>IL Datore di Lavoro assicura la formazione degli addetti mediante <strong>docenti qualificati<\/strong> (la norma individua la qualificazione dei docenti) e secondo il <strong>LIVELLO<\/strong> di rischio dell\u2019attivit\u00e0 come descritto nel decreto.<\/p>\n<p>La durata dei corsi \u00e8 immutata:<\/p>\n<p>&#8211;\u00a0\u00a0\u00a0\u00a0\u00a0\u00a0\u00a0 4 ore per il LIVELLO 1 (attualmente definito BASSO),<\/p>\n<p>&#8211;\u00a0\u00a0\u00a0\u00a0\u00a0\u00a0\u00a0 8 ore per il LIVELLO 2 (attualmente definito MEDIO),<\/p>\n<p>&#8211;\u00a0\u00a0\u00a0\u00a0\u00a0\u00a0\u00a0 16 ore per il LIVELLO 3 (attualmente definito ELEVATO) con idoneit\u00e0 tecnica<\/p>\n<p>L\u2019attivit\u00e0 di formazione ed aggiornamento, limitatamente alla parte teorica, pu\u00f2 utilizzare metodologie di apprendimento innovative, anche in modalit\u00e0 FAD (formazione a distanza) di tipo sincrono e con ricorso a linguaggi multimediali che consentano l\u2019impiego degli strumenti informatici quali canali di divulgazione dei contenuti formativi.<\/p>\n<p>A ridosso della data di entrata in vigore Qsei ribadir\u00e0 l\u2019argomento con le eventuali modifiche intercorse.<\/p>\n","protected":false},"excerpt":{"rendered":"<p>Ad inizio OTT 2021 \u00e8 stato pubblicato il Decreto del Ministero dell\u2019interno che regola quanto al titolo della presente circolare che entra in vigore dal 4 OTT 2022. In particolare.. <a href=\"https:\/\/qsei.it\/?p=37245\" class=\"readmore\">read more<\/a><\/p>\n","protected":false},"author":2,"featured_media":0,"comment_status":"closed","ping_status":"closed","sticky":false,"template":"","format":"standard","meta":[],"categories":[35,24],"tags":[],"_links":{"self":[{"href":"https:\/\/qsei.it\/index.php?rest_route=\/wp\/v2\/posts\/37245"}],"collection":[{"href":"https:\/\/qsei.it\/index.php?rest_route=\/wp\/v2\/posts"}],"about":[{"href":"https:\/\/qsei.it\/index.php?rest_route=\/wp\/v2\/types\/post"}],"author":[{"embeddable":true,"href":"https:\/\/qsei.it\/index.php?rest_route=\/wp\/v2\/users\/2"}],"replies":[{"embeddable":true,"href":"https:\/\/qsei.it\/index.php?rest_route=%2Fwp%2Fv2%2Fcomments&post=37245"}],"version-history":[{"count":1,"href":"https:\/\/qsei.it\/index.php?rest_route=\/wp\/v2\/posts\/37245\/revisions"}],"predecessor-version":[{"id":37246,"href":"https:\/\/qsei.it\/index.php?rest_route=\/wp\/v2\/posts\/37245\/revisions\/37246"}],"wp:attachment":[{"href":"https:\/\/qsei.it\/index.php?rest_route=%2Fwp%2Fv2%2Fmedia&parent=37245"}],"wp:term":[{"taxonomy":"category","embeddable":true,"href":"https:\/\/qsei.it\/index.php?rest_route=%2Fwp%2Fv2%2Fcategories&post=37245"},{"taxonomy":"post_tag","embeddable":true,"href":"https:\/\/qsei.it\/index.php?rest_route=%2Fwp%2Fv2%2Ftags&post=37245"}],"curies":[{"name":"wp","href":"https:\/\/api.w.org\/{rel}","templated":true}]}}